{"id":26200,"date":"2026-02-19T16:46:55","date_gmt":"2026-02-19T15:46:55","guid":{"rendered":"https:\/\/select-agency.world\/?p=26200"},"modified":"2026-03-13T11:17:09","modified_gmt":"2026-03-13T10:17:09","slug":"weekend-palma-de-mallorca","status":"publish","type":"post","link":"https:\/\/select-agency.world\/de\/weekend-palma-de-mallorca\/","title":{"rendered":"Ein perfektes langes Wochenende in Palma de Mallorca"},"content":{"rendered":"<p>Palma de Mallorca ist eine dieser seltenen St\u00e4dte, die zugleich lebendig und intim wirkt. Innerhalb weniger Minuten wechseln Sie von historischen Gassen ans offene Meer, von ruhigen Innenh\u00f6fen zu lebendigen Terrassen. Ein langes Wochenende hier f\u00fchlt sich erf\u00fcllend an \u2013 und dennoch niemals gehetzt.<\/p>\n\n\n\n<p>Was Palma besonders macht, ist die Balance aus Kultur, K\u00fcste und ausgew\u00e4hlten Erlebnissen.<\/p>\n\n\n\n<p><\/p>\n\n\n\n<h2 class=\"wp-block-heading\">Zeit auf dem Wasser<\/h2>\n\n\n\n<figure class=\"wp-block-gallery has-nested-images columns-default is-cropped wp-block-gallery-1 is-layout-flex wp-block-gallery-is-layout-flex\">\n<figure class=\"wp-block-image size-large\"><img fetchpriority=\"high\" decoding=\"async\" width=\"1200\" height=\"800\" data-id=\"26009\" src=\"https:\/\/select-agency.world\/wp-content\/uploads\/2025\/09\/fjord-40-open-baia-charter.webp\" alt=\"Fjord 40 Open Baia cruising.\" class=\"wp-image-26009\" srcset=\"https:\/\/select-agency.world\/wp-content\/uploads\/2025\/09\/fjord-40-open-baia-charter.webp 1200w, https:\/\/select-agency.world\/wp-content\/uploads\/2025\/09\/fjord-40-open-baia-charter-18x12.webp 18w\" sizes=\"(max-width: 1200px) 100vw, 1200px\" \/><\/figure>\n\n\n\n<figure class=\"wp-block-image size-large\"><img decoding=\"async\" width=\"1200\" height=\"800\" data-id=\"25657\" src=\"https:\/\/select-agency.world\/wp-content\/uploads\/2025\/08\/yacht-friends.webp\" alt=\"Friends enjoying the sun on a sailing yacht.\" class=\"wp-image-25657\" srcset=\"https:\/\/select-agency.world\/wp-content\/uploads\/2025\/08\/yacht-friends.webp 1200w, https:\/\/select-agency.world\/wp-content\/uploads\/2025\/08\/yacht-friends-18x12.webp 18w\" sizes=\"(max-width: 1200px) 100vw, 1200px\" \/><\/figure>\n\n\n\n<figure class=\"wp-block-image size-large\"><img decoding=\"async\" width=\"1200\" height=\"800\" data-id=\"25577\" src=\"https:\/\/select-agency.world\/wp-content\/uploads\/2025\/08\/yacht-absolute-47-fly-tres-amigos.webp\" alt=\"Charter yacht Absolute 47 Fly Tres Amigos.\" class=\"wp-image-25577\" srcset=\"https:\/\/select-agency.world\/wp-content\/uploads\/2025\/08\/yacht-absolute-47-fly-tres-amigos.webp 1200w, https:\/\/select-agency.world\/wp-content\/uploads\/2025\/08\/yacht-absolute-47-fly-tres-amigos-18x12.webp 18w\" sizes=\"(max-width: 1200px) 100vw, 1200px\" \/><\/figure>\n<\/figure>\n\n\n\n<p>Ein Aufenthalt in Palma ist kaum vollst\u00e4ndig ohne Zeit auf dem Meer.<\/p>\n\n\n\n<p>Eine private Yachtcharter er\u00f6ffnet Ihnen eine v\u00f6llig neue Perspektive auf die Insel. Nur eine kurze Fahrt von Palma entfernt erwarten Sie t\u00fcrkisfarbene Buchten mit kristallklarem Wasser \u2013 ideal zum Schwimmen, Stand-up-Paddeln oder einfach zum Entspannen an Deck. Lange Mittagessen an Bord, spontane Badestopps und die Freiheit, Route und Rhythmus individuell zu gestalten, machen aus einem Tag auf See ein besonderes Erlebnis.<\/p>\n\n\n\n<p>Privat, flexibel und ganz auf Ihre W\u00fcnsche abgestimmt.<\/p>\n\n\n\n<div class=\"wp-block-buttons is-layout-flex wp-block-buttons-is-layout-flex\">\n<div class=\"wp-block-button\"><a class=\"wp-block-button__link wp-element-button\" href=\"https:\/\/select-agency.world\/de\/yachting\/charter-yachts\/\" target=\"_blank\" rel=\"noreferrer noopener\">Informationen<\/a><\/div>\n<\/div>\n\n\n\n<p><\/p>\n\n\n\n<h2 class=\"wp-block-heading\">Mallorca von oben<\/h2>\n\n\n\n<figure class=\"wp-block-gallery has-nested-images columns-default is-cropped wp-block-gallery-2 is-layout-flex wp-block-gallery-is-layout-flex\">\n<figure class=\"wp-block-image size-large\"><img loading=\"lazy\" decoding=\"async\" width=\"1024\" height=\"683\" data-id=\"22885\" src=\"https:\/\/select-agency.world\/wp-content\/uploads\/2025\/03\/helicopter-balearics-1024x683.webp\" alt=\"Helicopter over the Balearic Islands.\" class=\"wp-image-22885\" srcset=\"https:\/\/select-agency.world\/wp-content\/uploads\/2025\/03\/helicopter-balearics-1024x683.webp 1024w, https:\/\/select-agency.world\/wp-content\/uploads\/2025\/03\/helicopter-balearics-300x200.webp 300w, https:\/\/select-agency.world\/wp-content\/uploads\/2025\/03\/helicopter-balearics-768x512.webp 768w, https:\/\/select-agency.world\/wp-content\/uploads\/2025\/03\/helicopter-balearics-1536x1024.webp 1536w, https:\/\/select-agency.world\/wp-content\/uploads\/2025\/03\/helicopter-balearics-18x12.webp 18w, https:\/\/select-agency.world\/wp-content\/uploads\/2025\/03\/helicopter-balearics-900x600.webp 900w, https:\/\/select-agency.world\/wp-content\/uploads\/2025\/03\/helicopter-balearics-496x331.webp 496w, https:\/\/select-agency.world\/wp-content\/uploads\/2025\/03\/helicopter-balearics.webp 1920w\" sizes=\"(max-width: 1024px) 100vw, 1024px\" \/><\/figure>\n\n\n\n<figure class=\"wp-block-image size-large\"><img loading=\"lazy\" decoding=\"async\" width=\"1024\" height=\"683\" data-id=\"22887\" src=\"https:\/\/select-agency.world\/wp-content\/uploads\/2025\/03\/helicopter-flying-1024x683.webp\" alt=\"View from helicopter over Mallorca.\" class=\"wp-image-22887\" srcset=\"https:\/\/select-agency.world\/wp-content\/uploads\/2025\/03\/helicopter-flying-1024x683.webp 1024w, https:\/\/select-agency.world\/wp-content\/uploads\/2025\/03\/helicopter-flying-300x200.webp 300w, https:\/\/select-agency.world\/wp-content\/uploads\/2025\/03\/helicopter-flying-768x512.webp 768w, https:\/\/select-agency.world\/wp-content\/uploads\/2025\/03\/helicopter-flying-1536x1024.webp 1536w, https:\/\/select-agency.world\/wp-content\/uploads\/2025\/03\/helicopter-flying-18x12.webp 18w, https:\/\/select-agency.world\/wp-content\/uploads\/2025\/03\/helicopter-flying-900x600.webp 900w, https:\/\/select-agency.world\/wp-content\/uploads\/2025\/03\/helicopter-flying-496x331.webp 496w, https:\/\/select-agency.world\/wp-content\/uploads\/2025\/03\/helicopter-flying.webp 1920w\" sizes=\"(max-width: 1024px) 100vw, 1024px\" \/><\/figure>\n\n\n\n<figure class=\"wp-block-image size-large\"><img loading=\"lazy\" decoding=\"async\" width=\"1024\" height=\"683\" data-id=\"22883\" src=\"https:\/\/select-agency.world\/wp-content\/uploads\/2025\/03\/helicopter-finca-1024x683.webp\" alt=\"Helicopter landing at private finca in Mallorca.\" class=\"wp-image-22883\" srcset=\"https:\/\/select-agency.world\/wp-content\/uploads\/2025\/03\/helicopter-finca-1024x683.webp 1024w, https:\/\/select-agency.world\/wp-content\/uploads\/2025\/03\/helicopter-finca-300x200.webp 300w, https:\/\/select-agency.world\/wp-content\/uploads\/2025\/03\/helicopter-finca-768x512.webp 768w, https:\/\/select-agency.world\/wp-content\/uploads\/2025\/03\/helicopter-finca-1536x1024.webp 1536w, https:\/\/select-agency.world\/wp-content\/uploads\/2025\/03\/helicopter-finca-18x12.webp 18w, https:\/\/select-agency.world\/wp-content\/uploads\/2025\/03\/helicopter-finca-900x600.webp 900w, https:\/\/select-agency.world\/wp-content\/uploads\/2025\/03\/helicopter-finca-496x331.webp 496w, https:\/\/select-agency.world\/wp-content\/uploads\/2025\/03\/helicopter-finca.webp 1920w\" sizes=\"(max-width: 1024px) 100vw, 1024px\" \/><\/figure>\n<\/figure>\n\n\n\n<p>Um die nat\u00fcrliche Sch\u00f6nheit Mallorcas wirklich zu erfassen, lohnt sich der Blick aus der Luft.<\/p>\n\n\n\n<p>Ein privater Helikopterflug entlang der K\u00fcste und \u00fcber das Tramuntana-Gebirge offenbart dramatische Steilk\u00fcsten, versteckte Calas und charmante D\u00f6rfer, die sich in die Landschaft schmiegen. Der Kontrast zwischen tiefblauem Meer und zerkl\u00fcfteten Bergen wirkt aus der Vogelperspektive noch eindrucksvoller.<\/p>\n\n\n\n<p>In kurzer Zeit gewinnen Sie einen neuen Blick auf die Vielfalt der Insel.<\/p>\n\n\n\n<div class=\"wp-block-buttons is-layout-flex wp-block-buttons-is-layout-flex\">\n<div class=\"wp-block-button\"><a class=\"wp-block-button__link wp-element-button\" href=\"https:\/\/select-agency.world\/de\/experiences\/private-travel-services\/helicopter-flights\/\" target=\"_blank\" rel=\"noreferrer noopener\">Informationen<\/a><\/div>\n<\/div>\n\n\n\n<h2 class=\"wp-block-heading\"><br>Ein privates Weinerlebnis<\/h2>\n\n\n\n<figure class=\"wp-block-gallery has-nested-images columns-default is-cropped wp-block-gallery-3 is-layout-flex wp-block-gallery-is-layout-flex\">\n<figure class=\"wp-block-image size-large\"><img loading=\"lazy\" decoding=\"async\" width=\"1200\" height=\"800\" data-id=\"25298\" src=\"https:\/\/select-agency.world\/wp-content\/uploads\/2025\/06\/wine-tasting.webp\" alt=\"Group at wine tasting.\" class=\"wp-image-25298\" srcset=\"https:\/\/select-agency.world\/wp-content\/uploads\/2025\/06\/wine-tasting.webp 1200w, https:\/\/select-agency.world\/wp-content\/uploads\/2025\/06\/wine-tasting-18x12.webp 18w\" sizes=\"(max-width: 1200px) 100vw, 1200px\" \/><\/figure>\n\n\n\n<figure class=\"wp-block-image size-large\"><img loading=\"lazy\" decoding=\"async\" width=\"1024\" height=\"683\" data-id=\"23941\" src=\"https:\/\/select-agency.world\/wp-content\/uploads\/2025\/04\/rose-wine-tasting-1024x683.webp\" alt=\"Glasses of ros\u00e9 wine.\" class=\"wp-image-23941\" srcset=\"https:\/\/select-agency.world\/wp-content\/uploads\/2025\/04\/rose-wine-tasting-1024x683.webp 1024w, https:\/\/select-agency.world\/wp-content\/uploads\/2025\/04\/rose-wine-tasting-300x200.webp 300w, https:\/\/select-agency.world\/wp-content\/uploads\/2025\/04\/rose-wine-tasting-768x512.webp 768w, https:\/\/select-agency.world\/wp-content\/uploads\/2025\/04\/rose-wine-tasting-1536x1024.webp 1536w, https:\/\/select-agency.world\/wp-content\/uploads\/2025\/04\/rose-wine-tasting-18x12.webp 18w, https:\/\/select-agency.world\/wp-content\/uploads\/2025\/04\/rose-wine-tasting-900x600.webp 900w, https:\/\/select-agency.world\/wp-content\/uploads\/2025\/04\/rose-wine-tasting-496x331.webp 496w, https:\/\/select-agency.world\/wp-content\/uploads\/2025\/04\/rose-wine-tasting.webp 1920w\" sizes=\"(max-width: 1024px) 100vw, 1024px\" \/><\/figure>\n\n\n\n<figure class=\"wp-block-image size-large\"><img loading=\"lazy\" decoding=\"async\" width=\"1024\" height=\"683\" data-id=\"22879\" src=\"https:\/\/select-agency.world\/wp-content\/uploads\/2025\/02\/wine-tasting-1024x683.webp\" alt=\"Group of people at a wine tasting.\" class=\"wp-image-22879\" srcset=\"https:\/\/select-agency.world\/wp-content\/uploads\/2025\/02\/wine-tasting-1024x683.webp 1024w, https:\/\/select-agency.world\/wp-content\/uploads\/2025\/02\/wine-tasting-300x200.webp 300w, https:\/\/select-agency.world\/wp-content\/uploads\/2025\/02\/wine-tasting-768x512.webp 768w, https:\/\/select-agency.world\/wp-content\/uploads\/2025\/02\/wine-tasting-1536x1024.webp 1536w, https:\/\/select-agency.world\/wp-content\/uploads\/2025\/02\/wine-tasting-18x12.webp 18w, https:\/\/select-agency.world\/wp-content\/uploads\/2025\/02\/wine-tasting-900x600.webp 900w, https:\/\/select-agency.world\/wp-content\/uploads\/2025\/02\/wine-tasting-496x331.webp 496w, https:\/\/select-agency.world\/wp-content\/uploads\/2025\/02\/wine-tasting.webp 1920w\" sizes=\"(max-width: 1024px) 100vw, 1024px\" \/><\/figure>\n<\/figure>\n\n\n\n<p>Abseits der K\u00fcste zeigt sich Mallorca von einer weiteren, besonders authentischen Seite.<\/p>\n\n\n\n<p>Eine private Weinverkostung auf einem Weingut \u2013 beispielsweise in der Region Binissalem \u2013 f\u00fchrt Sie in die Welt der mediterranen Weine der Insel ein. Umgeben von Reben und mit Blick auf die Berge entsteht eine ruhige, entspannte Atmosph\u00e4re \u2013 ein wohltuender Kontrast zur Dynamik der Stadt.<\/p>\n\n\n\n<p>Ein Moment, um bewusst zu entschleunigen und die Insel aus einer anderen Perspektive zu erleben.<\/p>\n\n\n\n<div class=\"wp-block-buttons is-layout-flex wp-block-buttons-is-layout-flex\">\n<div class=\"wp-block-button\"><a class=\"wp-block-button__link wp-element-button\" href=\"https:\/\/select-agency.world\/de\/experiences\/gourmet-experiences\/wine-tasting\/\" target=\"_blank\" rel=\"noreferrer noopener\">Informationen<\/a><\/div>\n<\/div>\n\n\n\n<p><\/p>\n\n\n\n<h2 class=\"wp-block-heading\">Die Essenz von Palma<\/h2>\n\n\n\n<p>Palma ist kompakt, stilvoll und angenehm \u00fcberschaubar \u2013 und dennoch wirken die Erlebnisse hier weitl\u00e4ufig. Historische Architektur, mediterrane K\u00fcche, das offene Meer und die Berglandschaft liegen nur wenige Minuten voneinander entfernt.<\/p>\n\n\n\n<p>Ob als Paar, mit Freunden oder im Rahmen eines exklusiven Corporate-Aufenthalts \u2013 ein langes Wochenende in Palma l\u00e4sst sich vollst\u00e4ndig an Ihr pers\u00f6nliches Tempo anpassen.<\/p>\n\n\n\n<p>Und genau diese Flexibilit\u00e4t macht die Stadt so besonders.<\/p>","protected":false},"excerpt":{"rendered":"<p>Palma de Mallorca ist eine dieser seltenen St\u00e4dte, die zugleich lebendig und intim wirkt. Innerhalb weniger Minuten wechseln Sie von historischen Gassen ans offene Meer, von ruhigen Innenh\u00f6fen zu lebendigen Terrassen. Ein langes Wochenende hier f\u00fchlt sich erf\u00fcllend an \u2013 und dennoch niemals gehetzt.<\/p>","protected":false},"author":2,"featured_media":23800,"comment_status":"closed","ping_status":"closed","sticky":false,"template":"","format":"standard","meta":{"footnotes":""},"categories":[295,294,314,133],"tags":[],"class_list":["post-26200","post","type-post","status-publish","format-standard","has-post-thumbnail","hentry","category-gourmet-experiences","category-helicopter","category-mallorca","category-yacht-charter"],"aioseo_notices":[],"_links":{"self":[{"href":"https:\/\/select-agency.world\/de\/wp-json\/wp\/v2\/posts\/26200","targetHints":{"allow":["GET"]}}],"collection":[{"href":"https:\/\/select-agency.world\/de\/wp-json\/wp\/v2\/posts"}],"about":[{"href":"https:\/\/select-agency.world\/de\/wp-json\/wp\/v2\/types\/post"}],"author":[{"embeddable":true,"href":"https:\/\/select-agency.world\/de\/wp-json\/wp\/v2\/users\/2"}],"replies":[{"embeddable":true,"href":"https:\/\/select-agency.world\/de\/wp-json\/wp\/v2\/comments?post=26200"}],"version-history":[{"count":0,"href":"https:\/\/select-agency.world\/de\/wp-json\/wp\/v2\/posts\/26200\/revisions"}],"wp:featuredmedia":[{"embeddable":true,"href":"https:\/\/select-agency.world\/de\/wp-json\/wp\/v2\/media\/23800"}],"wp:attachment":[{"href":"https:\/\/select-agency.world\/de\/wp-json\/wp\/v2\/media?parent=26200"}],"wp:term":[{"taxonomy":"category","embeddable":true,"href":"https:\/\/select-agency.world\/de\/wp-json\/wp\/v2\/categories?post=26200"},{"taxonomy":"post_tag","embeddable":true,"href":"https:\/\/select-agency.world\/de\/wp-json\/wp\/v2\/tags?post=26200"}],"curies":[{"name":"wp","href":"https:\/\/api.w.org\/{rel}","templated":true}]}}