{"id":26312,"date":"2026-03-05T10:03:06","date_gmt":"2026-03-05T09:03:06","guid":{"rendered":"https:\/\/select-agency.world\/?p=26312"},"modified":"2026-03-13T11:17:09","modified_gmt":"2026-03-13T10:17:09","slug":"villa-private-jet-yacht","status":"publish","type":"post","link":"https:\/\/select-agency.world\/de\/villa-private-jet-yacht\/","title":{"rendered":"Villa, Private Jet &amp; Yacht: Die perfekte Luxuswoche auf Mallorca gestalten"},"content":{"rendered":"<p>Mallorca ist seit Langem ein bevorzugtes Reiseziel anspruchsvoller G\u00e4ste \u2013 doch der wahre Zauber der Insel entfaltet sich, wenn Ihr Aufenthalt nahtlos ineinandergreift.<\/p>\n\n\n\n<p>Wenn Ihre Reise bereits beim Abflug beginnt, wenn Ihre Ankunft m\u00fchelos verl\u00e4uft und Ihre Tage sich selbstverst\u00e4ndlich zwischen Privatsph\u00e4re, Meer und Sonne bewegen, wird Mallorca mehr als nur ein Reiseziel. Es wird zu einem Lebensgef\u00fchl.<\/p>\n\n\n\n<p>Bei SELECT Boutique Agency gestalten wir ma\u00dfgeschneiderte Erlebnisse, die drei zentrale Elemente vereinen: die Anreise per Private Jet, eine sorgf\u00e4ltig ausgew\u00e4hlte Luxusvilla und eine crewed Yacht Charter. Jedes f\u00fcr sich au\u00dfergew\u00f6hnlich \u2013 in Kombination unvergesslich.<\/p>\n\n\n\n<h2 class=\"wp-block-heading\">Anreise mit dem Private Jet<\/h2>\n\n\n\n<figure class=\"wp-block-gallery has-nested-images columns-default is-cropped wp-block-gallery-1 is-layout-flex wp-block-gallery-is-layout-flex\">\n<figure class=\"wp-block-image size-large\"><img fetchpriority=\"high\" decoding=\"async\" width=\"1024\" height=\"683\" data-id=\"18332\" src=\"https:\/\/select-agency.world\/wp-content\/uploads\/2024\/12\/bombardier-learjet-45xr-scaled-1-1024x683.jpg\" alt=\"Private jet in the sky.\" class=\"wp-image-18332\" srcset=\"https:\/\/select-agency.world\/wp-content\/uploads\/2024\/12\/bombardier-learjet-45xr-scaled-1-1024x683.jpg 1024w, https:\/\/select-agency.world\/wp-content\/uploads\/2024\/12\/bombardier-learjet-45xr-scaled-1-300x200.jpg 300w, https:\/\/select-agency.world\/wp-content\/uploads\/2024\/12\/bombardier-learjet-45xr-scaled-1-768x512.jpg 768w, https:\/\/select-agency.world\/wp-content\/uploads\/2024\/12\/bombardier-learjet-45xr-scaled-1-1536x1024.jpg 1536w, https:\/\/select-agency.world\/wp-content\/uploads\/2024\/12\/bombardier-learjet-45xr-scaled-1-900x600.jpg 900w, https:\/\/select-agency.world\/wp-content\/uploads\/2024\/12\/bombardier-learjet-45xr-scaled-1-496x331.jpg 496w, https:\/\/select-agency.world\/wp-content\/uploads\/2024\/12\/bombardier-learjet-45xr-scaled-1.jpg 1600w\" sizes=\"(max-width: 1024px) 100vw, 1024px\" \/><\/figure>\n\n\n\n<figure class=\"wp-block-image size-large\"><img decoding=\"async\" width=\"1024\" height=\"683\" data-id=\"22942\" src=\"https:\/\/select-agency.world\/wp-content\/uploads\/2025\/03\/private-jet-charter-mallorca-1024x683.webp\" alt=\"Woman walking towards private jet and crew.\" class=\"wp-image-22942\" srcset=\"https:\/\/select-agency.world\/wp-content\/uploads\/2025\/03\/private-jet-charter-mallorca-1024x683.webp 1024w, https:\/\/select-agency.world\/wp-content\/uploads\/2025\/03\/private-jet-charter-mallorca-300x200.webp 300w, https:\/\/select-agency.world\/wp-content\/uploads\/2025\/03\/private-jet-charter-mallorca-768x512.webp 768w, https:\/\/select-agency.world\/wp-content\/uploads\/2025\/03\/private-jet-charter-mallorca-1536x1024.webp 1536w, https:\/\/select-agency.world\/wp-content\/uploads\/2025\/03\/private-jet-charter-mallorca-18x12.webp 18w, https:\/\/select-agency.world\/wp-content\/uploads\/2025\/03\/private-jet-charter-mallorca-900x600.webp 900w, https:\/\/select-agency.world\/wp-content\/uploads\/2025\/03\/private-jet-charter-mallorca-496x331.webp 496w, https:\/\/select-agency.world\/wp-content\/uploads\/2025\/03\/private-jet-charter-mallorca.webp 1920w\" sizes=\"(max-width: 1024px) 100vw, 1024px\" \/><\/figure>\n\n\n\n<figure class=\"wp-block-image size-large\"><img decoding=\"async\" width=\"1920\" height=\"1280\" data-id=\"26189\" src=\"https:\/\/select-agency.world\/wp-content\/uploads\/2026\/02\/private-jet-international.webp\" alt=\"Private jet\" class=\"wp-image-26189\" srcset=\"https:\/\/select-agency.world\/wp-content\/uploads\/2026\/02\/private-jet-international.webp 1920w, https:\/\/select-agency.world\/wp-content\/uploads\/2026\/02\/private-jet-international-1536x1024.webp 1536w, https:\/\/select-agency.world\/wp-content\/uploads\/2026\/02\/private-jet-international-18x12.webp 18w\" sizes=\"(max-width: 1920px) 100vw, 1920px\" \/><\/figure>\n<\/figure>\n\n\n\n<p>F\u00fcr viele unserer G\u00e4ste sind Zeit und Privatsph\u00e4re der gr\u00f6\u00dfte Luxus.<\/p>\n\n\n\n<p>Die Anreise nach Mallorca mit einem Private Jet bietet maximale Flexibilit\u00e4t \u2013 keine festen Flugpl\u00e4ne, keine Wartezeiten, keine Kompromisse. Am Flughafen Palma de Mallorca erm\u00f6glicht ein dedizierter VIP-Service eine diskrete und schnelle Abwicklung, sodass Sie innerhalb weniger Minuten vom Flugzeug zu Ihrem Transfer gelangen.<\/p>\n\n\n\n<p>Ob als Familie, mit Freunden oder im Rahmen eines Corporate Retreats \u2013 private Luftfahrt sorgt daf\u00fcr, dass Ihr Aufenthalt ruhig und stilvoll beginnt.<\/p>\n\n\n\n<p>\u00dcber unsere sorgf\u00e4ltig ausgew\u00e4hlten Aviation-Partner organisiert SELECT Boutique Agency Private Jet Charter, abgestimmt auf Ihren Abflugort, Ihre Gruppengr\u00f6\u00dfe und Ihren Zeitplan \u2013 f\u00fcr eine reibungslose und komfortable Ankunft auf der Insel.<\/p>\n\n\n\n<div class=\"wp-block-buttons is-layout-flex wp-block-buttons-is-layout-flex\">\n<div class=\"wp-block-button\"><a class=\"wp-block-button__link wp-element-button\" href=\"https:\/\/select-agency.world\/de\/private-jet-charter\/\" target=\"_blank\" rel=\"noreferrer noopener\">Informationen<\/a><\/div>\n<\/div>\n\n\n\n<p><\/p>\n\n\n\n<h2 class=\"wp-block-heading\">Ihre private Villa als R\u00fcckzugsort<\/h2>\n\n\n\n<figure class=\"wp-block-gallery has-nested-images columns-default is-cropped wp-block-gallery-2 is-layout-flex wp-block-gallery-is-layout-flex\">\n<figure class=\"wp-block-image size-large\"><img loading=\"lazy\" decoding=\"async\" width=\"1024\" height=\"768\" data-id=\"22198\" src=\"https:\/\/select-agency.world\/wp-content\/uploads\/2020\/04\/villa-blanes-exterior-1024x768.webp\" alt=\"Villa Blanes in Mallorca.\" class=\"wp-image-22198\" srcset=\"https:\/\/select-agency.world\/wp-content\/uploads\/2020\/04\/villa-blanes-exterior-1024x768.webp 1024w, https:\/\/select-agency.world\/wp-content\/uploads\/2020\/04\/villa-blanes-exterior-300x225.webp 300w, https:\/\/select-agency.world\/wp-content\/uploads\/2020\/04\/villa-blanes-exterior-768x576.webp 768w, https:\/\/select-agency.world\/wp-content\/uploads\/2020\/04\/villa-blanes-exterior-1536x1152.webp 1536w, https:\/\/select-agency.world\/wp-content\/uploads\/2020\/04\/villa-blanes-exterior-16x12.webp 16w, https:\/\/select-agency.world\/wp-content\/uploads\/2020\/04\/villa-blanes-exterior-592x444.webp 592w, https:\/\/select-agency.world\/wp-content\/uploads\/2020\/04\/villa-blanes-exterior-584x438.webp 584w, https:\/\/select-agency.world\/wp-content\/uploads\/2020\/04\/villa-blanes-exterior-800x600.webp 800w, https:\/\/select-agency.world\/wp-content\/uploads\/2020\/04\/villa-blanes-exterior-120x90.webp 120w, https:\/\/select-agency.world\/wp-content\/uploads\/2020\/04\/villa-blanes-exterior-496x372.webp 496w, https:\/\/select-agency.world\/wp-content\/uploads\/2020\/04\/villa-blanes-exterior.webp 1600w\" sizes=\"(max-width: 1024px) 100vw, 1024px\" \/><\/figure>\n\n\n\n<figure class=\"wp-block-image size-large\"><img loading=\"lazy\" decoding=\"async\" width=\"1024\" height=\"681\" data-id=\"22197\" src=\"https:\/\/select-agency.world\/wp-content\/uploads\/2020\/04\/villa-blanes-pool-garden-1024x681.webp\" alt=\"Pool of Villa Blanes in Mallorca.\" class=\"wp-image-22197\" srcset=\"https:\/\/select-agency.world\/wp-content\/uploads\/2020\/04\/villa-blanes-pool-garden-1024x681.webp 1024w, https:\/\/select-agency.world\/wp-content\/uploads\/2020\/04\/villa-blanes-pool-garden-300x200.webp 300w, https:\/\/select-agency.world\/wp-content\/uploads\/2020\/04\/villa-blanes-pool-garden-768x511.webp 768w, https:\/\/select-agency.world\/wp-content\/uploads\/2020\/04\/villa-blanes-pool-garden-1536x1021.webp 1536w, https:\/\/select-agency.world\/wp-content\/uploads\/2020\/04\/villa-blanes-pool-garden-18x12.webp 18w, https:\/\/select-agency.world\/wp-content\/uploads\/2020\/04\/villa-blanes-pool-garden-902x600.webp 902w, https:\/\/select-agency.world\/wp-content\/uploads\/2020\/04\/villa-blanes-pool-garden-496x330.webp 496w, https:\/\/select-agency.world\/wp-content\/uploads\/2020\/04\/villa-blanes-pool-garden.webp 1600w\" sizes=\"(max-width: 1024px) 100vw, 1024px\" \/><\/figure>\n\n\n\n<figure class=\"wp-block-image size-large\"><img loading=\"lazy\" decoding=\"async\" width=\"1024\" height=\"683\" data-id=\"22196\" src=\"https:\/\/select-agency.world\/wp-content\/uploads\/2020\/04\/villa-blanes-outdoor-area-1024x683.webp\" alt=\"Pool of Villa Blanes in Mallorca.\" class=\"wp-image-22196\" srcset=\"https:\/\/select-agency.world\/wp-content\/uploads\/2020\/04\/villa-blanes-outdoor-area-1024x683.webp 1024w, https:\/\/select-agency.world\/wp-content\/uploads\/2020\/04\/villa-blanes-outdoor-area-300x200.webp 300w, https:\/\/select-agency.world\/wp-content\/uploads\/2020\/04\/villa-blanes-outdoor-area-768x512.webp 768w, https:\/\/select-agency.world\/wp-content\/uploads\/2020\/04\/villa-blanes-outdoor-area-1536x1025.webp 1536w, https:\/\/select-agency.world\/wp-content\/uploads\/2020\/04\/villa-blanes-outdoor-area-18x12.webp 18w, https:\/\/select-agency.world\/wp-content\/uploads\/2020\/04\/villa-blanes-outdoor-area-900x600.webp 900w, https:\/\/select-agency.world\/wp-content\/uploads\/2020\/04\/villa-blanes-outdoor-area-496x331.webp 496w, https:\/\/select-agency.world\/wp-content\/uploads\/2020\/04\/villa-blanes-outdoor-area.webp 2000w\" sizes=\"(max-width: 1024px) 100vw, 1024px\" \/><\/figure>\n<\/figure>\n\n\n\n<p>Ihre Villa wird zu Ihrem pers\u00f6nlichen Refugium.<\/p>\n\n\n\n<p>Wir arbeiten mit ausgew\u00e4hlten Partnern auf ganz Mallorca zusammen, mit besonderem Fokus auf die begehrte S\u00fcdwestk\u00fcste zwischen Palma und Port Andratx \u2013 ideal f\u00fcr die Kombination aus Villenaufenthalt und schneller Erreichbarkeit der Marina.<\/p>\n\n\n\n<p>Unsere G\u00e4ste entscheiden sich h\u00e4ufig f\u00fcr Immobilien mit drei bis sechs Schlafzimmern \u2013 eine perfekte Balance zwischen Gro\u00dfz\u00fcgigkeit und Privatsph\u00e4re. Meerblick, weitl\u00e4ufige Terrassen, private Pools und ein moderner mediterraner Stil schaffen eine Atmosph\u00e4re, die zugleich hochwertig und entspannt wirkt.<\/p>\n\n\n\n<p>Eine Luxusvilla bietet Flexibilit\u00e4t und Komfort \u2013 sei es f\u00fcr ruhige Morgenstunden mit Blick auf das Meer oder gemeinsame Dinnerabende auf der Terrasse.<\/p>\n\n\n\n<p>SELECT Boutique Agency kuratiert Villen, die Ihre Yacht Charter ideal erg\u00e4nzen \u2013 abgestimmt auf Lage, Stil und Gesamtambiente Ihres Aufenthalts.<\/p>\n\n\n\n<div class=\"wp-block-buttons is-layout-flex wp-block-buttons-is-layout-flex\">\n<div class=\"wp-block-button\"><a class=\"wp-block-button__link wp-element-button\" href=\"https:\/\/select-agency.world\/de\/real-estate\/real-estate-rental\/\" target=\"_blank\" rel=\"noreferrer noopener\">Informationen<\/a><\/div>\n<\/div>\n\n\n\n<p><\/p>\n\n\n\n<h2 class=\"wp-block-heading\">Das Erlebnis auf der crewed Yacht<\/h2>\n\n\n\n<figure class=\"wp-block-gallery has-nested-images columns-default is-cropped wp-block-gallery-3 is-layout-flex wp-block-gallery-is-layout-flex\">\n<figure class=\"wp-block-image size-large\"><img loading=\"lazy\" decoding=\"async\" width=\"1200\" height=\"800\" data-id=\"25957\" src=\"https:\/\/select-agency.world\/wp-content\/uploads\/2025\/09\/charter-yacht-mallorca.webp\" alt=\"Charter yacht cruising in Mallorca.\" class=\"wp-image-25957\" srcset=\"https:\/\/select-agency.world\/wp-content\/uploads\/2025\/09\/charter-yacht-mallorca.webp 1200w, https:\/\/select-agency.world\/wp-content\/uploads\/2025\/09\/charter-yacht-mallorca-18x12.webp 18w\" sizes=\"(max-width: 1200px) 100vw, 1200px\" \/><\/figure>\n\n\n\n<figure class=\"wp-block-image size-large\"><img loading=\"lazy\" decoding=\"async\" width=\"1200\" height=\"800\" data-id=\"25657\" src=\"https:\/\/select-agency.world\/wp-content\/uploads\/2025\/08\/yacht-friends.webp\" alt=\"Friends enjoying the sun on a sailing yacht.\" class=\"wp-image-25657\" srcset=\"https:\/\/select-agency.world\/wp-content\/uploads\/2025\/08\/yacht-friends.webp 1200w, https:\/\/select-agency.world\/wp-content\/uploads\/2025\/08\/yacht-friends-18x12.webp 18w\" sizes=\"(max-width: 1200px) 100vw, 1200px\" \/><\/figure>\n\n\n\n<figure class=\"wp-block-image size-large\"><img loading=\"lazy\" decoding=\"async\" width=\"1200\" height=\"800\" data-id=\"25362\" src=\"https:\/\/select-agency.world\/wp-content\/uploads\/2025\/06\/yacht-pardo-50-gabriela-II-ibiza.webp\" alt=\"Charter yacht Pardo 50 in Ibiza.\" class=\"wp-image-25362\" srcset=\"https:\/\/select-agency.world\/wp-content\/uploads\/2025\/06\/yacht-pardo-50-gabriela-II-ibiza.webp 1200w, https:\/\/select-agency.world\/wp-content\/uploads\/2025\/06\/yacht-pardo-50-gabriela-II-ibiza-18x12.webp 18w\" sizes=\"(max-width: 1200px) 100vw, 1200px\" \/><\/figure>\n<\/figure>\n\n\n\n<p>Im Mittelpunkt Ihrer Woche steht Ihre Zeit auf dem Wasser.<\/p>\n\n\n\n<p>Eine private, crewed Yacht Charter erm\u00f6glicht es Ihnen, Mallorca \u2013 und auf Wunsch auch Ibiza oder Cabrera \u2013 aus einer v\u00f6llig neuen Perspektive zu entdecken. Versteckte Buchten, kristallklares Wasser und per Boot erreichbare Beach Clubs werden Teil Ihrer individuellen Route.<\/p>\n\n\n\n<p>Ob stilvolle Day Charter oder mehrt\u00e4giger T\u00f6rn \u2013 Ihre Yacht wird vollst\u00e4ndig auf Ihre W\u00fcnsche abgestimmt. Von Water Toys \u00fcber Catering an Bord bis hin zu individuell geplanten Routen und Restaurantreservierungen wird jedes Detail im Voraus organisiert.<\/p>\n\n\n\n<p>Mit SELECT Boutique Agency als zentralem Ansprechpartner f\u00fcgt sich Ihre Yacht Charter nahtlos in Ihren Villenaufenthalt und Ihre Anreise ein.<\/p>\n\n\n\n<div class=\"wp-block-buttons is-layout-flex wp-block-buttons-is-layout-flex\">\n<div class=\"wp-block-button\"><a class=\"wp-block-button__link wp-element-button\" href=\"https:\/\/select-agency.world\/de\/yachting\/charter-yachts\/\" target=\"_blank\" rel=\"noreferrer noopener\">Informationen<\/a><\/div>\n<\/div>\n\n\n\n<p><\/p>\n\n\n\n<h2 class=\"wp-block-heading\">Die St\u00e4rke der Kombination<\/h2>\n\n\n\n<p>Jedes dieser Elemente ist f\u00fcr sich genommen au\u00dfergew\u00f6hnlich \u2013 der wahre Mehrwert entsteht jedoch durch die koordinierte Verbindung aller Komponenten.<\/p>\n\n\n\n<p>Ein Reiseplan.<br>Ein Ansprechpartner.<br>Ein konsistentes Serviceniveau.<\/p>\n\n\n\n<p>Anstatt verschiedene Anbieter, Transfers und Zeitpl\u00e4ne selbst zu koordinieren, werden Private Jet, Villa und Yacht Charter als ganzheitliches Erlebnis aufeinander abgestimmt.<\/p>\n\n\n\n<p>Das schafft nicht nur Effizienz und Komfort \u2013 es hebt die Qualit\u00e4t Ihres gesamten Aufenthalts sp\u00fcrbar an.<\/p>\n\n\n\n<h2 class=\"wp-block-heading\">Bereit, Ihre Mallorca-Woche zu gestalten?<\/h2>\n\n\n\n<p>Wenn Sie eine exklusive Woche auf Mallorca planen und Wert auf Privatsph\u00e4re, Flexibilit\u00e4t und einen hohen Servicestandard legen, gestaltet SELECT Boutique Agency gerne ein vollst\u00e4ndig ma\u00dfgeschneidertes Erlebnis aus Villa, Private Jet und crewed Yacht Charter f\u00fcr Sie.<\/p>\n\n\n\n<p>Ihre Reise beginnt lange vor Ihrer Ankunft auf der Insel \u2013 und wir sorgen daf\u00fcr, dass jeder Moment Ihren Erwartungen entspricht.<\/p>","protected":false},"excerpt":{"rendered":"<p>Mallorca ist seit Langem ein bevorzugtes Reiseziel anspruchsvoller G\u00e4ste \u2013 doch der wahre Zauber der Insel entfaltet sich, wenn Ihr Aufenthalt nahtlos ineinandergreift.<\/p>","protected":false},"author":2,"featured_media":26313,"comment_status":"closed","ping_status":"closed","sticky":false,"template":"","format":"standard","meta":{"footnotes":""},"categories":[314,296,298,133],"tags":[],"class_list":["post-26312","post","type-post","status-publish","format-standard","has-post-thumbnail","hentry","category-mallorca","category-private-jet","category-real-estate","category-yacht-charter"],"aioseo_notices":[],"_links":{"self":[{"href":"https:\/\/select-agency.world\/de\/wp-json\/wp\/v2\/posts\/26312","targetHints":{"allow":["GET"]}}],"collection":[{"href":"https:\/\/select-agency.world\/de\/wp-json\/wp\/v2\/posts"}],"about":[{"href":"https:\/\/select-agency.world\/de\/wp-json\/wp\/v2\/types\/post"}],"author":[{"embeddable":true,"href":"https:\/\/select-agency.world\/de\/wp-json\/wp\/v2\/users\/2"}],"replies":[{"embeddable":true,"href":"https:\/\/select-agency.world\/de\/wp-json\/wp\/v2\/comments?post=26312"}],"version-history":[{"count":0,"href":"https:\/\/select-agency.world\/de\/wp-json\/wp\/v2\/posts\/26312\/revisions"}],"wp:featuredmedia":[{"embeddable":true,"href":"https:\/\/select-agency.world\/de\/wp-json\/wp\/v2\/media\/26313"}],"wp:attachment":[{"href":"https:\/\/select-agency.world\/de\/wp-json\/wp\/v2\/media?parent=26312"}],"wp:term":[{"taxonomy":"category","embeddable":true,"href":"https:\/\/select-agency.world\/de\/wp-json\/wp\/v2\/categories?post=26312"},{"taxonomy":"post_tag","embeddable":true,"href":"https:\/\/select-agency.world\/de\/wp-json\/wp\/v2\/tags?post=26312"}],"curies":[{"name":"wp","href":"https:\/\/api.w.org\/{rel}","templated":true}]}}