{"id":24271,"date":"2026-04-08T08:00:00","date_gmt":"2026-04-08T07:00:00","guid":{"rendered":"https:\/\/select-agency.world\/?p=24271"},"modified":"2026-04-08T09:10:08","modified_gmt":"2026-04-08T08:10:08","slug":"best-time-yacht-charter","status":"publish","type":"post","link":"https:\/\/select-agency.world\/es\/best-time-yacht-charter\/","title":{"rendered":"El mejor momento para alquilar un yate en Mallorca"},"content":{"rendered":"<p>La temporada de alquiler de yates en Mallorca se extiende a lo largo de varios meses, y cada periodo ofrece una experiencia diferente. Tanto si busca la energ\u00eda vibrante del verano como una escapada m\u00e1s privada, el momento elegido influye directamente en su d\u00eda en el mar.<\/p>\n\n\n\n<p>Si se pregunta cu\u00e1ndo planificar su charter de yate en Mallorca, aqu\u00ed encontrar\u00e1 una gu\u00eda clara y honesta para ayudarle a decidir.<\/p>\n\n\n\n<h2 class=\"wp-block-heading\">Temporada de charter en Mallorca: qu\u00e9 esperar<\/h2>\n\n\n\n<p>La temporada de charter en Mallorca suele ir de abril a octubre, con tres fases bien diferenciadas:<\/p>\n\n\n\n<ul class=\"wp-block-list\">\n<li><strong>Temporada alta (julio y agosto)<\/strong><br>Es el punto \u00e1lgido del verano en Mallorca. Aguas c\u00e1lidas, puertos animados y un ambiente muy activo. Beach clubs, restaurantes y fondeos est\u00e1n en pleno funcionamiento. Ideal si le gusta un entorno din\u00e1mico y social, aunque con precios m\u00e1s elevados y menor disponibilidad de \u00faltima hora.<br><\/li><br>\n\n\n\n<li><strong>Temporada media (junio y septiembre)<\/strong><br>Considerada por muchos como el equilibrio perfecto. El clima sigue siendo excelente, el mar est\u00e1 c\u00e1lido y la isla se siente m\u00e1s relajada que en pleno verano.\nUna excelente opci\u00f3n si desea disfrutar de Mallorca en condiciones veraniegas sin la intensidad de julio y agosto.<\/li>\n<\/ul>\n\n\n\n<ul class=\"wp-block-list\">\n<li><strong>Low Season (April, May &amp; October)<\/strong><br>Un momento m\u00e1s tranquilo y flexible para alquilar un yate. Las temperaturas pueden variar ligeramente, pero hay menos afluencia y precios m\u00e1s atractivos.<br>Perfecto para navegar con calma, descubrir la costa o disfrutar de una experiencia m\u00e1s privada.<\/li>\n<\/ul>\n\n\n\n<h2 class=\"wp-block-heading\">Nuestra recomendaci\u00f3n<\/h2>\n\n\n\n<p>Si busca el momento ideal, solemos recomendar finales de mayo y junio.<\/p>\n\n\n\n<p>La isla empieza a cobrar vida, el mar comienza a calentarse y la disponibilidad sigue siendo relativamente amplia. Es un periodo perfecto para un charter de d\u00eda\u2014ya sea para nadar en calas tranquilas, disfrutar de un almuerzo a bordo o a\u00f1adir experiencias como catas de vino o deportes acu\u00e1ticos.<\/p>\n\n\n\n<h2 class=\"wp-block-heading\">Cu\u00e1ndo elegir seg\u00fan sus planes<\/h2>\n\n\n\n<p>El mejor momento depende en gran medida de lo que est\u00e9 buscando:<\/p>\n\n\n\n<p>Si su prioridad es la tranquilidad y privacidad, considere mayo, principios de junio o finales de septiembre. Las calas est\u00e1n m\u00e1s tranquilas y el ritmo es m\u00e1s relajado.<\/p>\n\n\n\n<p>Si est\u00e1 organizando una ocasi\u00f3n especial, el momento es flexible, pero la disponibilidad no. Cumplea\u00f1os, propuestas o celebraciones pueden organizarse durante toda la temporada con la planificaci\u00f3n adecuada.<\/p>\n\n\n\n<p>Si busca el ambiente completo del verano, julio y agosto ofrecen exactamente eso: beach clubs, puertos animados y una escena social din\u00e1mica\u2014pero es imprescindible reservar con antelaci\u00f3n.<\/p>\n\n\n\n<p>Si viaja en familia, las fechas suelen depender de las vacaciones escolares. Aun as\u00ed, podemos recomendarle yates y rutas adecuadas durante toda la temporada.<\/p>\n\n\n\n<h2 class=\"wp-block-heading\">\u00bfNo est\u00e1 seguro de cu\u00e1ndo ir?<\/h2>\n\n\n\n<p>Mallorca ofrece una gran variedad durante toda la temporada, desde calas tranquilas hasta zonas costeras llenas de vida. El mejor momento no depende solo del clima, sino del tipo de experiencia que desea crear.<\/p>\n\n\n\n<p>Le ayudaremos a encontrar el momento ideal, el yate adecuado y la mejor planificaci\u00f3n para sus planes.<\/p>\n\n\n\n<div style=\"background: #f6f8f7; border: 1px solid #dfe5e3; border-radius: 8px; padding: 32px 28px; text-align: center; margin: 42px 0;\">\n<h3 style=\"margin: 0 0 16px 0; font-size: 20px; line-height: 1.3; color: #54726f; font-weight: 400; letter-spacing: 0; text-transform: none;\">Listo cuando usted lo est\u00e9<\/h3>\n<p style=\"margin: 0 0 22px 0; font-size: 14px; color: #5f5f5f; max-width: 720px; margin-left: auto; margin-right: auto;\">Solicite su propuesta personalizada y planifiquemos juntos su tiempo en el mar.<\/p>\n<a style=\"display: inline-block; margin-top: 12px; background: #5f7d79; color: #ffffff; text-decoration: none; padding: 14px 28px; border-radius: 6px; font-size: 14px; line-height: 1; font-weight: 300; text-transform: uppercase; letter-spacing: 0;\" href=\"#popmake-27596\"> Solicite su propuesta personalizada <\/a><\/div>","protected":false},"excerpt":{"rendered":"<p>La temporada de alquiler de yates en Mallorca se extiende a lo largo de varios meses, y cada periodo ofrece una experiencia diferente. Tanto si busca la energ\u00eda vibrante del verano como una escapada m\u00e1s privada, el momento elegido influye directamente en su d\u00eda en el mar.<\/p>","protected":false},"author":2,"featured_media":25806,"comment_status":"closed","ping_status":"closed","sticky":false,"template":"","format":"standard","meta":{"footnotes":""},"categories":[133],"tags":[],"class_list":["post-24271","post","type-post","status-publish","format-standard","has-post-thumbnail","hentry","category-yacht-charter"],"aioseo_notices":[],"_links":{"self":[{"href":"https:\/\/select-agency.world\/es\/wp-json\/wp\/v2\/posts\/24271","targetHints":{"allow":["GET"]}}],"collection":[{"href":"https:\/\/select-agency.world\/es\/wp-json\/wp\/v2\/posts"}],"about":[{"href":"https:\/\/select-agency.world\/es\/wp-json\/wp\/v2\/types\/post"}],"author":[{"embeddable":true,"href":"https:\/\/select-agency.world\/es\/wp-json\/wp\/v2\/users\/2"}],"replies":[{"embeddable":true,"href":"https:\/\/select-agency.world\/es\/wp-json\/wp\/v2\/comments?post=24271"}],"version-history":[{"count":0,"href":"https:\/\/select-agency.world\/es\/wp-json\/wp\/v2\/posts\/24271\/revisions"}],"wp:featuredmedia":[{"embeddable":true,"href":"https:\/\/select-agency.world\/es\/wp-json\/wp\/v2\/media\/25806"}],"wp:attachment":[{"href":"https:\/\/select-agency.world\/es\/wp-json\/wp\/v2\/media?parent=24271"}],"wp:term":[{"taxonomy":"category","embeddable":true,"href":"https:\/\/select-agency.world\/es\/wp-json\/wp\/v2\/categories?post=24271"},{"taxonomy":"post_tag","embeddable":true,"href":"https:\/\/select-agency.world\/es\/wp-json\/wp\/v2\/tags?post=24271"}],"curies":[{"name":"wp","href":"https:\/\/api.w.org\/{rel}","templated":true}]}}