{"id":27395,"date":"2026-04-01T08:54:00","date_gmt":"2026-04-01T07:54:00","guid":{"rendered":"https:\/\/select-agency.world\/?p=27395"},"modified":"2026-04-01T08:54:00","modified_gmt":"2026-04-01T07:54:00","slug":"mallorca-yacht-charter-prices","status":"publish","type":"post","link":"https:\/\/select-agency.world\/es\/mallorca-yacht-charter-prices\/","title":{"rendered":"Precios de alquiler de yates en Mallorca: lo que realmente est\u00e1 pagando"},"content":{"rendered":"<p>Al considerar un alquiler de yate en Mallorca, una de las primeras preguntas que surge de forma natural es: \u00bfcu\u00e1nto cuesta realmente?<\/p>\n\n\n\n<p>La respuesta corta es sencilla, pero a menudo se malinterpreta. Los precios de los charters var\u00edan considerablemente y, lo m\u00e1s importante, el precio indicado es solo una parte de la experiencia global.<\/p>\n\n\n\n<p>Esta gu\u00eda tiene como objetivo aportar claridad. No para complicar, sino para ayudarle a entender qu\u00e9 est\u00e1 pagando realmente y c\u00f3mo tomar las decisiones adecuadas desde el principio.<\/p>\n\n\n\n<h2 class=\"wp-block-heading\">Entender el precio base del charter<\/h2>\n\n\n\n<p>Como referencia general, los precios de charter de d\u00eda en Mallorca suelen comenzar en:<\/p>\n\n\n\n<ul class=\"wp-block-list\">\n<li>Desde 1.000 \u20ac por d\u00eda para opciones de entrada<\/li>\n\n\n\n<li>Alrededor de 4.000 \u20ac por d\u00eda para yates de gama media<\/li>\n\n\n\n<li>Entre 6.000 \u20ac y 10.000 \u20ac+ por d\u00eda para yates de alta gama<\/li>\n<\/ul>\n\n\n\n<p>Estas cifras se refieren al precio base del charter: el yate en s\u00ed, incluyendo la tripulaci\u00f3n y el equipamiento est\u00e1ndar a bordo.<\/p>\n\n\n\n<p>Sin embargo, aqu\u00ed es donde comienzan muchos malentendidos.<\/p>\n\n\n\n<h2 class=\"wp-block-heading\">Qu\u00e9 normalmente no est\u00e1 incluido (y por qu\u00e9)<\/h2>\n\n\n\n<p>Una suposici\u00f3n com\u00fan es que todo est\u00e1 incluido en el precio del charter. En realidad, ciertos elementos se mantienen intencionadamente separados, y por buenas razones.<\/p>\n\n\n\n<p><strong>Combustible<\/strong><\/p>\n\n\n\n<p>El combustible se calcula en base al consumo real, no como una tarifa fija.<\/p>\n\n\n\n<p>Dependiendo del yate, normalmente existen dos enfoques:<\/p>\n\n\n\n<ul class=\"wp-block-list\">\n<li>Pol\u00edtica full-to-full: el yate se reposta al final del charter y el combustible se paga directamente en la estaci\u00f3n de servicio.<\/li>\n\n\n\n<li>C\u00e1lculo basado en consumo: el capit\u00e1n calcula el consumo teniendo en cuenta las caracter\u00edsticas del yate y la distancia recorrida.<\/li>\n<\/ul>\n\n\n\n<p>Este sistema garantiza equidad y transparencia: los clientes solo pagan por lo que realmente utilizan.<\/p>\n\n\n\n<p><strong>Comida y bebidas<\/strong><\/p>\n\n\n\n<p>La comida y las bebidas normalmente no est\u00e1n incluidas.<\/p>\n\n\n\n<p>Aunque pueda resultar sorprendente al principio, es precisamente lo que permite una experiencia completamente personalizada, ya sea un almuerzo ligero mediterr\u00e1neo, una selecci\u00f3n de vinos o algo m\u00e1s especial.<\/p>\n\n\n\n<p>Incluir un paquete est\u00e1ndar en el precio base limitar\u00eda esa flexibilidad.<\/p>\n\n\n\n<p><strong>APA (Advance Provisioning Allowance)<\/strong><\/p>\n\n\n\n<p>Para charters de varios d\u00edas y algunos yates de gama alta, se aplica un APA.<\/p>\n\n\n\n<p>Se trata de un presupuesto anticipado (normalmente alrededor del 25\u201335 % del precio del charter) que se utiliza para cubrir:<\/p>\n\n\n\n<ul class=\"wp-block-list\">\n<li>Combustible<\/li>\n\n\n\n<li>Comida y bebidas<\/li>\n\n\n\n<li>Tasas portuarias<\/li>\n\n\n\n<li>Solicitudes adicionales<\/li>\n<\/ul>\n\n\n\n<p>Al final del charter, todo se liquida de forma transparente.<\/p>\n\n\n\n<p><strong>Juguetes acu\u00e1ticos y extras<\/strong><\/p>\n\n\n\n<p>Muchos yates incluyen una selecci\u00f3n de juguetes acu\u00e1ticos, mientras que equipamiento m\u00e1s avanzado \u2014como eFoils u otros extras\u2014 puede implicar un coste adicional.<\/p>\n\n\n\n<p>Este es un punto importante al elegir el yate:<br>En algunos casos, seleccionar un yate que ya incluya el equipamiento deseado puede resultar m\u00e1s eficiente que a\u00f1adirlo posteriormente.<\/p>\n\n\n\n<p><strong>Propinas para la tripulaci\u00f3n<\/strong><\/p>\n\n\n\n<p>Las propinas no est\u00e1n incluidas en el precio del charter y quedan completamente a discreci\u00f3n de los clientes.<\/p>\n\n\n\n<p>Si ha recibido un servicio excepcional, es habitual mostrar agradecimiento en consecuencia.<\/p>\n\n\n\n<h2 class=\"wp-block-heading\">Lo que realmente est\u00e1 pagando<\/h2>\n\n\n\n<p>M\u00e1s all\u00e1 de las cifras, un charter de yate no consiste simplemente en alquilar una embarcaci\u00f3n.<\/p>\n\n\n\n<p>Est\u00e1 invirtiendo en una experiencia personalizada en el mar.<\/p>\n\n\n\n<p>Para algunos, esto significa un yate con un dise\u00f1o elegante, l\u00edneas limpias y un car\u00e1cter deportivo.<br>Para otros, se trata de confort, espacio y una atm\u00f3sfera relajada.<br>Y para muchos, el factor decisivo es el nivel de servicio a bordo.<\/p>\n\n\n\n<p>No hay dos clientes que valoren exactamente lo mismo de la misma manera.<\/p>\n\n\n\n<p>Por eso, el paso m\u00e1s importante no es elegir un yate, sino comunicar claramente qu\u00e9 es importante para usted.<\/p>\n\n\n\n<h2 class=\"wp-block-heading\">La importancia de la recomendaci\u00f3n adecuada<\/h2>\n\n\n\n<p>Un yate bien elegido marca la diferencia.<\/p>\n\n\n\n<p>Al comprender sus prioridades \u2014ya sea el dise\u00f1o, el rendimiento, la experiencia a bordo o actividades espec\u00edficas\u2014, su asesor puede guiarle hacia opciones que realmente encajen.<\/p>\n\n\n\n<p>Aqu\u00ed es tambi\u00e9n donde la estructura de precios se vuelve m\u00e1s transparente.<\/p>\n\n\n\n<p>Porque en lugar de comparar yates en general, est\u00e1 comparando opciones que son relevantes para usted.<\/p>\n\n\n\n<h2 class=\"wp-block-heading\">Donde el valor se encuentra con la experiencia<\/h2>\n\n\n\n<p>La estructura de precios de los charters de yates en Mallorca no es compleja, pero s\u00ed tiene matices.<\/p>\n\n\n\n<p>Una vez que entiende qu\u00e9 est\u00e1 incluido, qu\u00e9 es flexible y qu\u00e9 define la experiencia, resulta mucho m\u00e1s f\u00e1cil orientarse.<\/p>\n\n\n\n<p>Y, en \u00faltima instancia, el objetivo no es solo encontrar un yate.<\/p>\n\n\n\n<p>Sino crear un d\u00eda \u2014o varios\u2014 que se sientan exactamente como espera.<\/p>\n\n\n\n<div style=\"background: #f6f8f7; border: 1px solid #dfe5e3; border-radius: 8px; padding: 32px 28px; text-align: center; margin: 42px 0;\">\n<h3 style=\"margin: 0 0 16px 0; font-size: 20px; line-height: 1.3; color: #54726f; font-weight: 400; letter-spacing: 0; text-transform: none;\">\u00bfListo para planificar su experiencia?<\/h3>\n<p style=\"margin: 0 0 22px 0; font-size: 14px; color: #5f5f5f; max-width: 720px; margin-left: auto; margin-right: auto;\">Si desea explorar opciones adaptadas a sus preferencias, no dude en ponerse en contacto directamente. Env\u00edenos un mensaje por WhatsApp e ind\u00edquenos sus fechas, el tama\u00f1o de su grupo y lo que tiene en mente \u2014 nosotros nos encargamos del resto.<\/p>\n<a style=\"display: inline-block; margin-top: 12px; background: #5f7d79; color: #ffffff; text-decoration: none; padding: 14px 28px; border-radius: 6px; font-size: 14px; line-height: 1; font-weight: 300; text-transform: uppercase; letter-spacing: 0;\" href=\"https:\/\/wa.me\/34621218994\">Solicite su propuesta personalizada<\/a><\/div>","protected":false},"excerpt":{"rendered":"<p>Al considerar un alquiler de yate en Mallorca, una de las primeras preguntas que surge de forma natural es: \u00bfcu\u00e1nto cuesta realmente? La respuesta corta es sencilla, pero a menudo se malinterpreta. Los precios de los charters var\u00edan considerablemente y, lo m\u00e1s importante, el precio indicado es solo una parte de la experiencia global.<\/p>","protected":false},"author":2,"featured_media":27401,"comment_status":"closed","ping_status":"closed","sticky":false,"template":"","format":"standard","meta":{"footnotes":""},"categories":[314,133],"tags":[],"class_list":["post-27395","post","type-post","status-publish","format-standard","has-post-thumbnail","hentry","category-mallorca","category-yacht-charter"],"aioseo_notices":[],"_links":{"self":[{"href":"https:\/\/select-agency.world\/es\/wp-json\/wp\/v2\/posts\/27395","targetHints":{"allow":["GET"]}}],"collection":[{"href":"https:\/\/select-agency.world\/es\/wp-json\/wp\/v2\/posts"}],"about":[{"href":"https:\/\/select-agency.world\/es\/wp-json\/wp\/v2\/types\/post"}],"author":[{"embeddable":true,"href":"https:\/\/select-agency.world\/es\/wp-json\/wp\/v2\/users\/2"}],"replies":[{"embeddable":true,"href":"https:\/\/select-agency.world\/es\/wp-json\/wp\/v2\/comments?post=27395"}],"version-history":[{"count":0,"href":"https:\/\/select-agency.world\/es\/wp-json\/wp\/v2\/posts\/27395\/revisions"}],"wp:featuredmedia":[{"embeddable":true,"href":"https:\/\/select-agency.world\/es\/wp-json\/wp\/v2\/media\/27401"}],"wp:attachment":[{"href":"https:\/\/select-agency.world\/es\/wp-json\/wp\/v2\/media?parent=27395"}],"wp:term":[{"taxonomy":"category","embeddable":true,"href":"https:\/\/select-agency.world\/es\/wp-json\/wp\/v2\/categories?post=27395"},{"taxonomy":"post_tag","embeddable":true,"href":"https:\/\/select-agency.world\/es\/wp-json\/wp\/v2\/tags?post=27395"}],"curies":[{"name":"wp","href":"https:\/\/api.w.org\/{rel}","templated":true}]}}